{"id":221,"date":"2020-08-23T01:44:44","date_gmt":"2020-08-23T01:44:44","guid":{"rendered":"http:\/\/www.3fmdigital.com\/front3\/?p=221"},"modified":"2020-08-23T02:00:39","modified_gmt":"2020-08-23T02:00:39","slug":"el-papa-recuerda-que-dios-no-necesita-ser-defendido-por-nadie","status":"publish","type":"post","link":"http:\/\/www.3fmdigital.com\/front3\/2020\/08\/23\/el-papa-recuerda-que-dios-no-necesita-ser-defendido-por-nadie\/","title":{"rendered":"El papa recuerda que \u201cDios no necesita ser defendido por nadie\u201d"},"content":{"rendered":"<p>\n\t\t<style type=\"text\/css\">\n\t\t\t#gallery-1 {\n\t\t\t\tmargin: auto;\n\t\t\t}\n\t\t\t#gallery-1 .gallery-item {\n\t\t\t\tfloat: left;\n\t\t\t\tmargin-top: 10px;\n\t\t\t\ttext-align: center;\n\t\t\t\twidth: 33%;\n\t\t\t}\n\t\t\t#gallery-1 img {\n\t\t\t\tborder: 2px solid #cfcfcf;\n\t\t\t}\n\t\t\t#gallery-1 .gallery-caption {\n\t\t\t\tmargin-left: 0;\n\t\t\t}\n\t\t\t\/* see gallery_shortcode() in wp-includes\/media.php *\/\n\t\t<\/style>\n\t\t<div id='gallery-1' class='gallery galleryid-221 gallery-columns-3 gallery-size-thumbnail'><dl class='gallery-item'>\n\t\t\t<dt class='gallery-icon landscape'>\n\t\t\t\t<a href='http:\/\/www.3fmdigital.com\/front3\/2020\/08\/23\/el-papa-recuerda-que-dios-no-necesita-ser-defendido-por-nadie\/comun9gwddz\/'><img loading=\"lazy\" decoding=\"async\" width=\"150\" height=\"150\" src=\"http:\/\/www.3fmdigital.com\/front3\/wp-content\/uploads\/2020\/08\/comun9GWdDz-150x150.jpg\" class=\"attachment-thumbnail size-thumbnail\" alt=\"\" \/><\/a>\n\t\t\t<\/dt><\/dl>\n\t\t\t<br style='clear: both' \/>\n\t\t<\/div>\n<br \/>\nFrancisco pide que dejen de usar las religiones para incitar al odio<br \/>\nEFE &#8211; El Vaticano 22\/08\/2020<br \/>\nEl papa Francisco apel\u00f3 hoy a que no se instrumentalicen las religiones para crear odio, pues &#8216;Dios no necesita ser defendido por nadie&#8217;.<br \/>\n&#8216;Pido a todos que cesen de instrumentalizar las religiones para incitar al odio, a la violencia, al extremismo y al fanatismo ciego&#8217;, escribi\u00f3 Francisco en su cuenta oficial de Twitter.<br \/>\nSe\u00f1al\u00f3 que &#8216;Dios no necesita ser defendido por nadie y no quiere que su nombre sea utilizado para aterrorizar a la gente&#8217;.La jornada fue establecida en 2019 por la Asamblea General de Naciones Unidas.<br \/>\nEn febrero de ese a\u00f1o, Francisco y el gran im\u00e1n de Al Azhar, Al Tayeb, l\u00edder del islam sun\u00ed, firmaron en Abu Dabhi el &#8216;Documento de fraternidad humana&#8217; al termino de la visita del papa a Emiratos \u00c1rabes Unidos, la primera de un jefe de la iglesia cat\u00f3lica a la Pen\u00ednsula Ar\u00e1biga.<br \/>\nEn \u00e9l, los dos l\u00edderes religiosos rechazaron la violencia &#8216;en nombre de Dios&#8217; y la utilizaci\u00f3n de las religiones para crear odio.<br \/>\nEl papa hace este llamamiento cuando se celebra hoy, por segundo a\u00f1o, el D\u00eda Internacional para la conmemoraci\u00f3n de las v\u00edctimas de la violencia basada en la religi\u00f3n o las creencias.<\/p>\n","protected":false},"excerpt":{"rendered":"<p>Francisco pide que dejen de usar las religiones para incitar al odio EFE &#8211; El Vaticano 22\/08\/2020 El papa Francisco apel\u00f3 hoy a que no se instrumentalicen las religiones para crear odio, pues &#8216;Dios no necesita ser defendido por nadie&#8217;. &#8216;Pido a todos que cesen de instrumentalizar las religiones para incitar al odio, a la [&hellip;]<\/p>\n","protected":false},"author":1,"featured_media":222,"comment_status":"closed","ping_status":"closed","sticky":false,"template":"","format":"standard","meta":{"footnotes":""},"categories":[19],"tags":[],"class_list":["post-221","post","type-post","status-publish","format-standard","has-post-thumbnail","hentry","category-religion"],"_links":{"self":[{"href":"http:\/\/www.3fmdigital.com\/front3\/wp-json\/wp\/v2\/posts\/221"}],"collection":[{"href":"http:\/\/www.3fmdigital.com\/front3\/wp-json\/wp\/v2\/posts"}],"about":[{"href":"http:\/\/www.3fmdigital.com\/front3\/wp-json\/wp\/v2\/types\/post"}],"author":[{"embeddable":true,"href":"http:\/\/www.3fmdigital.com\/front3\/wp-json\/wp\/v2\/users\/1"}],"replies":[{"embeddable":true,"href":"http:\/\/www.3fmdigital.com\/front3\/wp-json\/wp\/v2\/comments?post=221"}],"version-history":[{"count":0,"href":"http:\/\/www.3fmdigital.com\/front3\/wp-json\/wp\/v2\/posts\/221\/revisions"}],"wp:featuredmedia":[{"embeddable":true,"href":"http:\/\/www.3fmdigital.com\/front3\/wp-json\/wp\/v2\/media\/222"}],"wp:attachment":[{"href":"http:\/\/www.3fmdigital.com\/front3\/wp-json\/wp\/v2\/media?parent=221"}],"wp:term":[{"taxonomy":"category","embeddable":true,"href":"http:\/\/www.3fmdigital.com\/front3\/wp-json\/wp\/v2\/categories?post=221"},{"taxonomy":"post_tag","embeddable":true,"href":"http:\/\/www.3fmdigital.com\/front3\/wp-json\/wp\/v2\/tags?post=221"}],"curies":[{"name":"wp","href":"https:\/\/api.w.org\/{rel}","templated":true}]}}