{"id":386,"date":"2021-04-06T14:17:31","date_gmt":"2021-04-06T14:17:31","guid":{"rendered":"http:\/\/www.3fmdigital.com\/front3\/?p=386"},"modified":"2021-04-06T14:20:39","modified_gmt":"2021-04-06T14:20:39","slug":"fallece-a-los-78-anos-jack-veneno-icono-de-la-lucha-libre-en-la-republica-dominicana","status":"publish","type":"post","link":"http:\/\/www.3fmdigital.com\/front3\/2021\/04\/06\/fallece-a-los-78-anos-jack-veneno-icono-de-la-lucha-libre-en-la-republica-dominicana\/","title":{"rendered":"Fallece a los 78 a\u00f1os Jack Veneno, \u00edcono de la lucha libre en la Rep\u00fablica Dominicana"},"content":{"rendered":"<p>\n\t\t<style type=\"text\/css\">\n\t\t\t#gallery-1 {\n\t\t\t\tmargin: auto;\n\t\t\t}\n\t\t\t#gallery-1 .gallery-item {\n\t\t\t\tfloat: left;\n\t\t\t\tmargin-top: 10px;\n\t\t\t\ttext-align: center;\n\t\t\t\twidth: 33%;\n\t\t\t}\n\t\t\t#gallery-1 img {\n\t\t\t\tborder: 2px solid #cfcfcf;\n\t\t\t}\n\t\t\t#gallery-1 .gallery-caption {\n\t\t\t\tmargin-left: 0;\n\t\t\t}\n\t\t\t\/* see gallery_shortcode() in wp-includes\/media.php *\/\n\t\t<\/style>\n\t\t<div id='gallery-1' class='gallery galleryid-386 gallery-columns-3 gallery-size-thumbnail'><dl class='gallery-item'>\n\t\t\t<dt class='gallery-icon landscape'>\n\t\t\t\t<a href='http:\/\/www.3fmdigital.com\/front3\/2021\/04\/06\/fallece-a-los-78-anos-jack-veneno-icono-de-la-lucha-libre-en-la-republica-dominicana\/comunxvxyot\/'><img loading=\"lazy\" decoding=\"async\" width=\"150\" height=\"150\" src=\"http:\/\/www.3fmdigital.com\/front3\/wp-content\/uploads\/2021\/04\/comunXvxyot-150x150.jpg\" class=\"attachment-thumbnail size-thumbnail\" alt=\"\" srcset=\"http:\/\/www.3fmdigital.com\/front3\/wp-content\/uploads\/2021\/04\/comunXvxyot-150x150.jpg 150w, http:\/\/www.3fmdigital.com\/front3\/wp-content\/uploads\/2021\/04\/comunXvxyot-350x350.jpg 350w\" sizes=\"(max-width: 150px) 100vw, 150px\" \/><\/a>\n\t\t\t<\/dt><\/dl>\n\t\t\t<br style='clear: both' \/>\n\t\t<\/div>\n<br \/>\nalmomento.net<br \/>\nPor Jhonny Trinidad Fecha: 06\/04\/2021<br \/>\nSANTO DOMINGO.- Falleci\u00f3 la madrugada de este martes a los 78 a\u00f1os Rafael S\u00e1nchez (Jack Veneno), \u00edcono de la lucha libre en la Rep\u00fablica Dominicana.<br \/>\nPaola S\u00e1nchez, hijna de Veneno, inform\u00f3 en Instagram que su padre padec\u00eda de un c\u00e1ncer de p\u00e1ncreas.<br \/>\n\u00abHasta la muerte la peleaste, ganaste la faja de la eternidad. Hasta siempre padre\u00bb, public\u00f3 la hija del exluchador.<br \/>\nJack Veneno hab\u00eda sido ingresado hace unas semanas en la cl\u00ednica Cruz Jimini\u00e1n. Presentaba anemia severa y deshidrataci\u00f3n, producto del c\u00e1ncer. Luego fue trasladado al hospital del Instituto Nacional del C\u00e1ncer (Incart), de donde fue dado de alta.<\/p>\n","protected":false},"excerpt":{"rendered":"<p>almomento.net Por Jhonny Trinidad Fecha: 06\/04\/2021 SANTO DOMINGO.- Falleci\u00f3 la madrugada de este martes a los 78 a\u00f1os Rafael S\u00e1nchez (Jack Veneno), \u00edcono de la lucha libre en la Rep\u00fablica Dominicana. Paola S\u00e1nchez, hijna de Veneno, inform\u00f3 en Instagram que su padre padec\u00eda de un c\u00e1ncer de p\u00e1ncreas. \u00abHasta la muerte la peleaste, ganaste la [&hellip;]<\/p>\n","protected":false},"author":1,"featured_media":387,"comment_status":"closed","ping_status":"","sticky":false,"template":"","format":"standard","meta":{"footnotes":""},"categories":[7],"tags":[],"class_list":["post-386","post","type-post","status-publish","format-standard","has-post-thumbnail","hentry","category-deportes"],"_links":{"self":[{"href":"http:\/\/www.3fmdigital.com\/front3\/wp-json\/wp\/v2\/posts\/386"}],"collection":[{"href":"http:\/\/www.3fmdigital.com\/front3\/wp-json\/wp\/v2\/posts"}],"about":[{"href":"http:\/\/www.3fmdigital.com\/front3\/wp-json\/wp\/v2\/types\/post"}],"author":[{"embeddable":true,"href":"http:\/\/www.3fmdigital.com\/front3\/wp-json\/wp\/v2\/users\/1"}],"replies":[{"embeddable":true,"href":"http:\/\/www.3fmdigital.com\/front3\/wp-json\/wp\/v2\/comments?post=386"}],"version-history":[{"count":0,"href":"http:\/\/www.3fmdigital.com\/front3\/wp-json\/wp\/v2\/posts\/386\/revisions"}],"wp:featuredmedia":[{"embeddable":true,"href":"http:\/\/www.3fmdigital.com\/front3\/wp-json\/wp\/v2\/media\/387"}],"wp:attachment":[{"href":"http:\/\/www.3fmdigital.com\/front3\/wp-json\/wp\/v2\/media?parent=386"}],"wp:term":[{"taxonomy":"category","embeddable":true,"href":"http:\/\/www.3fmdigital.com\/front3\/wp-json\/wp\/v2\/categories?post=386"},{"taxonomy":"post_tag","embeddable":true,"href":"http:\/\/www.3fmdigital.com\/front3\/wp-json\/wp\/v2\/tags?post=386"}],"curies":[{"name":"wp","href":"https:\/\/api.w.org\/{rel}","templated":true}]}}