{"id":431,"date":"2021-06-01T03:56:23","date_gmt":"2021-06-01T03:56:23","guid":{"rendered":"https:\/\/www.3fmdigital.com\/front3\/?p=431"},"modified":"2021-06-01T03:58:35","modified_gmt":"2021-06-01T03:58:35","slug":"alemania-declara-a-republica-dominicana-como-pais-no-seguro-por-aumento-de-contagios","status":"publish","type":"post","link":"http:\/\/www.3fmdigital.com\/front3\/2021\/06\/01\/alemania-declara-a-republica-dominicana-como-pais-no-seguro-por-aumento-de-contagios\/","title":{"rendered":"Alemania declara a Rep\u00fablica Dominicana como pa\u00eds no seguro por aumento de contagios"},"content":{"rendered":"<p>\n\t\t<style type=\"text\/css\">\n\t\t\t#gallery-1 {\n\t\t\t\tmargin: auto;\n\t\t\t}\n\t\t\t#gallery-1 .gallery-item {\n\t\t\t\tfloat: left;\n\t\t\t\tmargin-top: 10px;\n\t\t\t\ttext-align: center;\n\t\t\t\twidth: 33%;\n\t\t\t}\n\t\t\t#gallery-1 img {\n\t\t\t\tborder: 2px solid #cfcfcf;\n\t\t\t}\n\t\t\t#gallery-1 .gallery-caption {\n\t\t\t\tmargin-left: 0;\n\t\t\t}\n\t\t\t\/* see gallery_shortcode() in wp-includes\/media.php *\/\n\t\t<\/style>\n\t\t<div id='gallery-1' class='gallery galleryid-431 gallery-columns-3 gallery-size-thumbnail'><dl class='gallery-item'>\n\t\t\t<dt class='gallery-icon landscape'>\n\t\t\t\t<a href='http:\/\/www.3fmdigital.com\/front3\/2021\/06\/01\/alemania-declara-a-republica-dominicana-como-pais-no-seguro-por-aumento-de-contagios\/comunm26n6k\/'><img loading=\"lazy\" decoding=\"async\" width=\"150\" height=\"150\" src=\"http:\/\/www.3fmdigital.com\/front3\/wp-content\/uploads\/2021\/06\/comunM26n6K-150x150.jpg\" class=\"attachment-thumbnail size-thumbnail\" alt=\"\" srcset=\"http:\/\/www.3fmdigital.com\/front3\/wp-content\/uploads\/2021\/06\/comunM26n6K-150x150.jpg 150w, http:\/\/www.3fmdigital.com\/front3\/wp-content\/uploads\/2021\/06\/comunM26n6K-350x350.jpg 350w\" sizes=\"(max-width: 150px) 100vw, 150px\" \/><\/a>\n\t\t\t<\/dt><\/dl>\n\t\t\t<br style='clear: both' \/>\n\t\t<\/div>\n<br \/>\nSanto Domingo, RD.<br \/>\nEl Ministerio de Turismo inform\u00f3 que Alemania declar\u00f3 este domingo a Rep\u00fablica Dominicana como \u201cpa\u00eds no seguro\u201d por el incremento de los casos de Covid-19 que se han presentado, aunque los vuelos que llegar\u00e1n por el Aeropuerto de Punta Cana (PUJ) se mantienen en programaci\u00f3n.<br \/>\nLos vuelos programados desde Alemania son operados por Lufthansa y Condor desde Frankfurt.<br \/>\nPara la semana del lunes 31 de mayo al domingo 06 de junio, el PUJ tiene en programaci\u00f3n la llegada de 252 vuelos internacionales, incrementando por quinta semana seguida la cantidad de vuelos que arribar\u00e1n a esta terminal a\u00e9rea inform\u00f3 Turismo en nota de prensa.<br \/>\nDe esta manera en relaci\u00f3n a la semana anterior, en la que recibi\u00f3 242 vuelos el PUJ recibe 10 adicionales, \u201cmanteniendo un sostenido incremento tomando en cuenta que las semanas anteriores recibi\u00f3 217, 227, 231 y 239 vuelos cronol\u00f3gicamente, por lo que para este lunes 31 que recibe 34 vuelos, estar\u00eda totalizando alrededor de 1,051 llegadas de vuelos internacionales en el mes de mayo del 2021\u201d.Las operaciones de los pa\u00edses europeos se mantienen igual que la semana pasada, Espa\u00f1a, Ucrania, Polonia, y Suiza, lo mismos que desde los EE UU y M\u00e9xico en Norteam\u00e9rica, Panam\u00e1 desde Centroam\u00e9rica y Colombia, Venezuela y Per\u00fa desde Sudam\u00e9rica.<br \/>\nDesde la regi\u00f3n del Caribe, arriban vuelos desde Puerto Rico.<br \/>\n&#8220;Sin embargo es importante destacar que este incremento no se da en las principales zonas tur\u00edsticas del pa\u00eds, ya que el mismo se ha registrado en la ciudad capital, Santo Domingo&#8221;, aseguraron.<br \/>\nDe manera cronol\u00f3gica, el Aeropuerto de Punta Cana, estar\u00e1 recibiendo este lunes 31 de mayo 34 vuelos; el martes 01 de junio se espera la llegada de 30 vuelos, el mi\u00e9rcoles 02 tiene en programaci\u00f3n la llegada de 29, en tanto que el jueves 03 a 35 vuelos, el viernes 04 un total de 41, el s\u00e1bado 05 de mayo, el d\u00eda con mayor volumen de operaciones, se esperan 44 vuelos  y concluye la semana el domingo 06 de junio, con 39 vuelos.<\/p>\n","protected":false},"excerpt":{"rendered":"<p>Santo Domingo, RD. El Ministerio de Turismo inform\u00f3 que Alemania declar\u00f3 este domingo a Rep\u00fablica Dominicana como \u201cpa\u00eds no seguro\u201d por el incremento de los casos de Covid-19 que se han presentado, aunque los vuelos que llegar\u00e1n por el Aeropuerto de Punta Cana (PUJ) se mantienen en programaci\u00f3n. Los vuelos programados desde Alemania son operados [&hellip;]<\/p>\n","protected":false},"author":1,"featured_media":432,"comment_status":"closed","ping_status":"","sticky":false,"template":"","format":"standard","meta":{"footnotes":""},"categories":[15],"tags":[],"class_list":["post-431","post","type-post","status-publish","format-standard","has-post-thumbnail","hentry","category-turismo"],"_links":{"self":[{"href":"http:\/\/www.3fmdigital.com\/front3\/wp-json\/wp\/v2\/posts\/431"}],"collection":[{"href":"http:\/\/www.3fmdigital.com\/front3\/wp-json\/wp\/v2\/posts"}],"about":[{"href":"http:\/\/www.3fmdigital.com\/front3\/wp-json\/wp\/v2\/types\/post"}],"author":[{"embeddable":true,"href":"http:\/\/www.3fmdigital.com\/front3\/wp-json\/wp\/v2\/users\/1"}],"replies":[{"embeddable":true,"href":"http:\/\/www.3fmdigital.com\/front3\/wp-json\/wp\/v2\/comments?post=431"}],"version-history":[{"count":0,"href":"http:\/\/www.3fmdigital.com\/front3\/wp-json\/wp\/v2\/posts\/431\/revisions"}],"wp:featuredmedia":[{"embeddable":true,"href":"http:\/\/www.3fmdigital.com\/front3\/wp-json\/wp\/v2\/media\/432"}],"wp:attachment":[{"href":"http:\/\/www.3fmdigital.com\/front3\/wp-json\/wp\/v2\/media?parent=431"}],"wp:term":[{"taxonomy":"category","embeddable":true,"href":"http:\/\/www.3fmdigital.com\/front3\/wp-json\/wp\/v2\/categories?post=431"},{"taxonomy":"post_tag","embeddable":true,"href":"http:\/\/www.3fmdigital.com\/front3\/wp-json\/wp\/v2\/tags?post=431"}],"curies":[{"name":"wp","href":"https:\/\/api.w.org\/{rel}","templated":true}]}}