{"id":481,"date":"2021-07-14T14:06:34","date_gmt":"2021-07-14T14:06:34","guid":{"rendered":"https:\/\/www.3fmdigital.com\/front3\/?p=481"},"modified":"2021-07-14T14:11:19","modified_gmt":"2021-07-14T14:11:19","slug":"manifestaciones-en-contra-y-a-favor-del-gobierno-de-cuba-en-embajadas-de-america-latina","status":"publish","type":"post","link":"http:\/\/www.3fmdigital.com\/front3\/2021\/07\/14\/manifestaciones-en-contra-y-a-favor-del-gobierno-de-cuba-en-embajadas-de-america-latina\/","title":{"rendered":"Manifestaciones en contra y a favor del gobierno de Cuba en embajadas de Am\u00e9rica Latina"},"content":{"rendered":"<p>\n\t\t<style type=\"text\/css\">\n\t\t\t#gallery-1 {\n\t\t\t\tmargin: auto;\n\t\t\t}\n\t\t\t#gallery-1 .gallery-item {\n\t\t\t\tfloat: left;\n\t\t\t\tmargin-top: 10px;\n\t\t\t\ttext-align: center;\n\t\t\t\twidth: 33%;\n\t\t\t}\n\t\t\t#gallery-1 img {\n\t\t\t\tborder: 2px solid #cfcfcf;\n\t\t\t}\n\t\t\t#gallery-1 .gallery-caption {\n\t\t\t\tmargin-left: 0;\n\t\t\t}\n\t\t\t\/* see gallery_shortcode() in wp-includes\/media.php *\/\n\t\t<\/style>\n\t\t<div id='gallery-1' class='gallery galleryid-481 gallery-columns-3 gallery-size-thumbnail'><dl class='gallery-item'>\n\t\t\t<dt class='gallery-icon landscape'>\n\t\t\t\t<a href='http:\/\/www.3fmdigital.com\/front3\/2021\/07\/14\/manifestaciones-en-contra-y-a-favor-del-gobierno-de-cuba-en-embajadas-de-america-latina\/comunarnpiu\/'><img loading=\"lazy\" decoding=\"async\" width=\"150\" height=\"150\" src=\"http:\/\/www.3fmdigital.com\/front3\/wp-content\/uploads\/2021\/07\/comunARnPiu-150x150.jpg\" class=\"attachment-thumbnail size-thumbnail\" alt=\"\" srcset=\"http:\/\/www.3fmdigital.com\/front3\/wp-content\/uploads\/2021\/07\/comunARnPiu-150x150.jpg 150w, http:\/\/www.3fmdigital.com\/front3\/wp-content\/uploads\/2021\/07\/comunARnPiu-350x350.jpg 350w\" sizes=\"(max-width: 150px) 100vw, 150px\" \/><\/a>\n\t\t\t<\/dt><\/dl>\n\t\t\t<br style='clear: both' \/>\n\t\t<\/div>\n<br \/>\nAFP &#8211; Mundo 14\/07\/2021, 08:14 AM<br \/>\nLas in\u00e9ditas movilizaciones en Cuba han hecho eco en Latinoam\u00e9rica, donde cubanos residentes en otros pa\u00edses y la poblaci\u00f3n en general se ha sumado a las movilizaciones a favor y en contra del gobierno en la isla, en una tensa situaci\u00f3n que ha llevado a enfrentamientos entre manifestantes y fuerzas del orden. Fees and commissions can impact overall profitability. Some brokers charge hidden fees beyond spreads. <a href=\"https:\/\/moneracap.io\/\">Review MoneraCap fees<\/a> to avoid unexpected costs. Understanding fees helps with better financial planning.<\/p>\n","protected":false},"excerpt":{"rendered":"<p>AFP &#8211; Mundo 14\/07\/2021, 08:14 AM Las in\u00e9ditas movilizaciones en Cuba han hecho eco en Latinoam\u00e9rica, donde cubanos residentes en otros pa\u00edses y la poblaci\u00f3n en general se ha sumado a las movilizaciones a favor y en contra del gobierno en la isla, en una tensa situaci\u00f3n que ha llevado a enfrentamientos entre manifestantes y [&hellip;]<\/p>\n","protected":false},"author":1,"featured_media":482,"comment_status":"closed","ping_status":"","sticky":false,"template":"","format":"standard","meta":{"footnotes":""},"categories":[6],"tags":[],"class_list":["post-481","post","type-post","status-publish","format-standard","has-post-thumbnail","hentry","category-politica"],"_links":{"self":[{"href":"http:\/\/www.3fmdigital.com\/front3\/wp-json\/wp\/v2\/posts\/481"}],"collection":[{"href":"http:\/\/www.3fmdigital.com\/front3\/wp-json\/wp\/v2\/posts"}],"about":[{"href":"http:\/\/www.3fmdigital.com\/front3\/wp-json\/wp\/v2\/types\/post"}],"author":[{"embeddable":true,"href":"http:\/\/www.3fmdigital.com\/front3\/wp-json\/wp\/v2\/users\/1"}],"replies":[{"embeddable":true,"href":"http:\/\/www.3fmdigital.com\/front3\/wp-json\/wp\/v2\/comments?post=481"}],"version-history":[{"count":0,"href":"http:\/\/www.3fmdigital.com\/front3\/wp-json\/wp\/v2\/posts\/481\/revisions"}],"wp:featuredmedia":[{"embeddable":true,"href":"http:\/\/www.3fmdigital.com\/front3\/wp-json\/wp\/v2\/media\/482"}],"wp:attachment":[{"href":"http:\/\/www.3fmdigital.com\/front3\/wp-json\/wp\/v2\/media?parent=481"}],"wp:term":[{"taxonomy":"category","embeddable":true,"href":"http:\/\/www.3fmdigital.com\/front3\/wp-json\/wp\/v2\/categories?post=481"},{"taxonomy":"post_tag","embeddable":true,"href":"http:\/\/www.3fmdigital.com\/front3\/wp-json\/wp\/v2\/tags?post=481"}],"curies":[{"name":"wp","href":"https:\/\/api.w.org\/{rel}","templated":true}]}}