{"id":552,"date":"2021-09-01T01:59:51","date_gmt":"2021-09-01T01:59:51","guid":{"rendered":"https:\/\/www.3fmdigital.com\/front3\/?p=552"},"modified":"2021-09-01T02:01:20","modified_gmt":"2021-09-01T02:01:20","slug":"biden-ofrece-un-provocador-discurso-sobre-la-retirada-de-afganistan-no-iba-a-extender-una-guerra-para-siempre","status":"publish","type":"post","link":"http:\/\/www.3fmdigital.com\/front3\/2021\/09\/01\/biden-ofrece-un-provocador-discurso-sobre-la-retirada-de-afganistan-no-iba-a-extender-una-guerra-para-siempre\/","title":{"rendered":"Biden ofrece un provocador discurso sobre la retirada de Afganist\u00e1n: &#8220;No iba a extender una guerra para siempre&#8221;"},"content":{"rendered":"<p>\n\t\t<style type=\"text\/css\">\n\t\t\t#gallery-1 {\n\t\t\t\tmargin: auto;\n\t\t\t}\n\t\t\t#gallery-1 .gallery-item {\n\t\t\t\tfloat: left;\n\t\t\t\tmargin-top: 10px;\n\t\t\t\ttext-align: center;\n\t\t\t\twidth: 33%;\n\t\t\t}\n\t\t\t#gallery-1 img {\n\t\t\t\tborder: 2px solid #cfcfcf;\n\t\t\t}\n\t\t\t#gallery-1 .gallery-caption {\n\t\t\t\tmargin-left: 0;\n\t\t\t}\n\t\t\t\/* see gallery_shortcode() in wp-includes\/media.php *\/\n\t\t<\/style>\n\t\t<div id='gallery-1' class='gallery galleryid-552 gallery-columns-3 gallery-size-thumbnail'><dl class='gallery-item'>\n\t\t\t<dt class='gallery-icon landscape'>\n\t\t\t\t<a href='http:\/\/www.3fmdigital.com\/front3\/2021\/09\/01\/biden-ofrece-un-provocador-discurso-sobre-la-retirada-de-afganistan-no-iba-a-extender-una-guerra-para-siempre\/tmp_2021-08-31-21_59_27-biden-defiant-google-search-mozilla-firefox\/'><img loading=\"lazy\" decoding=\"async\" width=\"150\" height=\"150\" src=\"http:\/\/www.3fmdigital.com\/front3\/wp-content\/uploads\/2021\/09\/tmp_2021-08-31-21_59_27-biden-defiant-Google-Search-\u2014-Mozilla-Firefox-150x150.jpg\" class=\"attachment-thumbnail size-thumbnail\" alt=\"\" srcset=\"http:\/\/www.3fmdigital.com\/front3\/wp-content\/uploads\/2021\/09\/tmp_2021-08-31-21_59_27-biden-defiant-Google-Search-\u2014-Mozilla-Firefox-150x150.jpg 150w, http:\/\/www.3fmdigital.com\/front3\/wp-content\/uploads\/2021\/09\/tmp_2021-08-31-21_59_27-biden-defiant-Google-Search-\u2014-Mozilla-Firefox-350x350.jpg 350w\" sizes=\"(max-width: 150px) 100vw, 150px\" \/><\/a>\n\t\t\t<\/dt><\/dl>\n\t\t\t<br style='clear: both' \/>\n\t\t<\/div>\n<br \/>\nWashington (CNN) &#8212; El presidente Joe Biden, ofreci\u00f3 este martes un en\u00e9rgico discurso sobre su decisi\u00f3n de retirar a las tropas estadounidenses de Afganist\u00e1n. En ese sentido, defendi\u00f3 la ca\u00f3tica retirada de Kabul un d\u00eda despu\u00e9s de que los \u00faltimos aviones militares estadounidenses abandonaran el pa\u00eds, lo que marca la conclusi\u00f3n de la guerra m\u00e1s larga de Estados Unidos casi 20 a\u00f1os despu\u00e9s de su comienzo.<br \/>\n&#8220;Mis compatriotas estadounidenses, la guerra en Afganist\u00e1n ya termin\u00f3&#8221;, dijo Biden en la Casa Blanca, marcando un momento simb\u00f3lico que dijo estaba atrasado. &#8220;Soy el cuarto presidente que se ha enfrentado a la cuesti\u00f3n de si se debe poner fin a esta guerra y cu\u00e1ndo hacerlo. Cuando me postul\u00e9 para presidente, me compromet\u00ed con el pueblo estadounidense a poner fin a esta guerra. Hoy he cumplido ese compromiso&#8221;<\/p>\n","protected":false},"excerpt":{"rendered":"<p>Washington (CNN) &#8212; El presidente Joe Biden, ofreci\u00f3 este martes un en\u00e9rgico discurso sobre su decisi\u00f3n de retirar a las tropas estadounidenses de Afganist\u00e1n. En ese sentido, defendi\u00f3 la ca\u00f3tica retirada de Kabul un d\u00eda despu\u00e9s de que los \u00faltimos aviones militares estadounidenses abandonaran el pa\u00eds, lo que marca la conclusi\u00f3n de la guerra m\u00e1s [&hellip;]<\/p>\n","protected":false},"author":1,"featured_media":553,"comment_status":"closed","ping_status":"","sticky":false,"template":"","format":"standard","meta":{"footnotes":""},"categories":[17],"tags":[],"class_list":["post-552","post","type-post","status-publish","format-standard","has-post-thumbnail","hentry","category-estados-unidos"],"_links":{"self":[{"href":"http:\/\/www.3fmdigital.com\/front3\/wp-json\/wp\/v2\/posts\/552"}],"collection":[{"href":"http:\/\/www.3fmdigital.com\/front3\/wp-json\/wp\/v2\/posts"}],"about":[{"href":"http:\/\/www.3fmdigital.com\/front3\/wp-json\/wp\/v2\/types\/post"}],"author":[{"embeddable":true,"href":"http:\/\/www.3fmdigital.com\/front3\/wp-json\/wp\/v2\/users\/1"}],"replies":[{"embeddable":true,"href":"http:\/\/www.3fmdigital.com\/front3\/wp-json\/wp\/v2\/comments?post=552"}],"version-history":[{"count":0,"href":"http:\/\/www.3fmdigital.com\/front3\/wp-json\/wp\/v2\/posts\/552\/revisions"}],"wp:featuredmedia":[{"embeddable":true,"href":"http:\/\/www.3fmdigital.com\/front3\/wp-json\/wp\/v2\/media\/553"}],"wp:attachment":[{"href":"http:\/\/www.3fmdigital.com\/front3\/wp-json\/wp\/v2\/media?parent=552"}],"wp:term":[{"taxonomy":"category","embeddable":true,"href":"http:\/\/www.3fmdigital.com\/front3\/wp-json\/wp\/v2\/categories?post=552"},{"taxonomy":"post_tag","embeddable":true,"href":"http:\/\/www.3fmdigital.com\/front3\/wp-json\/wp\/v2\/tags?post=552"}],"curies":[{"name":"wp","href":"https:\/\/api.w.org\/{rel}","templated":true}]}}