{"id":773,"date":"2022-07-04T10:18:49","date_gmt":"2022-07-04T10:18:49","guid":{"rendered":"https:\/\/www.3fmdigital.com\/front3\/?p=773"},"modified":"2022-07-04T10:20:35","modified_gmt":"2022-07-04T10:20:35","slug":"apresan-en-azua-locutor-juan-jose-sencion-llevo-por-perifonear-en-su-vehiculo-en-las-calles","status":"publish","type":"post","link":"http:\/\/www.3fmdigital.com\/front3\/2022\/07\/04\/apresan-en-azua-locutor-juan-jose-sencion-llevo-por-perifonear-en-su-vehiculo-en-las-calles\/","title":{"rendered":"Apresan en Azua locutor Juan Jos\u00e9 Senci\u00f3n (Llevo) por perifonear en su veh\u00edculo en las calles"},"content":{"rendered":"<div class=\"postie-post\">\n\t\t<style type=\"text\/css\">\n\t\t\t#gallery-1 {\n\t\t\t\tmargin: auto;\n\t\t\t}\n\t\t\t#gallery-1 .gallery-item {\n\t\t\t\tfloat: left;\n\t\t\t\tmargin-top: 10px;\n\t\t\t\ttext-align: center;\n\t\t\t\twidth: 33%;\n\t\t\t}\n\t\t\t#gallery-1 img {\n\t\t\t\tborder: 2px solid #cfcfcf;\n\t\t\t}\n\t\t\t#gallery-1 .gallery-caption {\n\t\t\t\tmargin-left: 0;\n\t\t\t}\n\t\t\t\/* see gallery_shortcode() in wp-includes\/media.php *\/\n\t\t<\/style>\n\t\t<div id='gallery-1' class='gallery galleryid-773 gallery-columns-3 gallery-size-thumbnail'><dl class='gallery-item'>\n\t\t\t<dt class='gallery-icon landscape'>\n\t\t\t\t<a href='http:\/\/www.3fmdigital.com\/front3\/2022\/07\/04\/apresan-en-azua-locutor-juan-jose-sencion-llevo-por-perifonear-en-su-vehiculo-en-las-calles\/tmp_llevo\/'><img loading=\"lazy\" decoding=\"async\" width=\"150\" height=\"150\" src=\"http:\/\/www.3fmdigital.com\/front3\/wp-content\/uploads\/2022\/07\/tmp_Llevo-150x150.jpeg\" class=\"attachment-thumbnail size-thumbnail\" alt=\"\" srcset=\"http:\/\/www.3fmdigital.com\/front3\/wp-content\/uploads\/2022\/07\/tmp_Llevo-150x150.jpeg 150w, http:\/\/www.3fmdigital.com\/front3\/wp-content\/uploads\/2022\/07\/tmp_Llevo-350x350.jpeg 350w\" sizes=\"(max-width: 150px) 100vw, 150px\" \/><\/a>\n\t\t\t<\/dt><\/dl>\n\t\t\t<br style='clear: both' \/>\n\t\t<\/div>\n<br \/>\nRedacci\u00f3n\/Traslaverdad<br \/>\n\u00c1ngel Jim\u00e9nez<br \/>\nEn Azua polic\u00eda nacional apresa a locutor Juan Jos\u00e9 Sencion (yebo) bajo acusaci\u00f3n de contaminaci\u00f3n sonora mientras laboraba en una camioneta usada para perifoneo, El detenido lleva m\u00e1s de 40 a\u00f1os realizando esta labor a la vez que ha trabajado en varias emisoras en esta provincia de Azua, en una actitud de prepotencia y abuso de autoridad el coronel a cargo de esta demarcaci\u00f3n viene actuando de forma arbitraria contra la ciudadan\u00eda que conduce motocicletas en distintos barrios, a los que les son retenidas las mismas a pesar de poseer sus documentos y cumplir con las leyes sobre el particular. Con la detenci\u00f3n de se\u00f1or Sencion quien es miembro del SNTP, el Coronel mateo encendi\u00f3 la mecha de una dinamita que ven\u00eda arrastrando hace tiempo y la que los comunicadores de esta provincia no est\u00e1n en disposici\u00f3n de seguir aguantando.<\/div>\n","protected":false},"excerpt":{"rendered":"<p>Redacci\u00f3n\/Traslaverdad \u00c1ngel Jim\u00e9nez En Azua polic\u00eda nacional apresa a locutor Juan Jos\u00e9 Sencion (yebo) bajo acusaci\u00f3n de contaminaci\u00f3n sonora mientras laboraba en una camioneta usada para perifoneo, El detenido lleva m\u00e1s de 40 a\u00f1os realizando esta labor a la vez que ha trabajado en varias emisoras en esta provincia de Azua, en una actitud de [&hellip;]<\/p>\n","protected":false},"author":1,"featured_media":774,"comment_status":"closed","ping_status":"","sticky":false,"template":"","format":"standard","meta":{"footnotes":""},"categories":[23],"tags":[],"class_list":["post-773","post","type-post","status-publish","format-standard","has-post-thumbnail","hentry","category-ciudades"],"_links":{"self":[{"href":"http:\/\/www.3fmdigital.com\/front3\/wp-json\/wp\/v2\/posts\/773"}],"collection":[{"href":"http:\/\/www.3fmdigital.com\/front3\/wp-json\/wp\/v2\/posts"}],"about":[{"href":"http:\/\/www.3fmdigital.com\/front3\/wp-json\/wp\/v2\/types\/post"}],"author":[{"embeddable":true,"href":"http:\/\/www.3fmdigital.com\/front3\/wp-json\/wp\/v2\/users\/1"}],"replies":[{"embeddable":true,"href":"http:\/\/www.3fmdigital.com\/front3\/wp-json\/wp\/v2\/comments?post=773"}],"version-history":[{"count":0,"href":"http:\/\/www.3fmdigital.com\/front3\/wp-json\/wp\/v2\/posts\/773\/revisions"}],"wp:featuredmedia":[{"embeddable":true,"href":"http:\/\/www.3fmdigital.com\/front3\/wp-json\/wp\/v2\/media\/774"}],"wp:attachment":[{"href":"http:\/\/www.3fmdigital.com\/front3\/wp-json\/wp\/v2\/media?parent=773"}],"wp:term":[{"taxonomy":"category","embeddable":true,"href":"http:\/\/www.3fmdigital.com\/front3\/wp-json\/wp\/v2\/categories?post=773"},{"taxonomy":"post_tag","embeddable":true,"href":"http:\/\/www.3fmdigital.com\/front3\/wp-json\/wp\/v2\/tags?post=773"}],"curies":[{"name":"wp","href":"https:\/\/api.w.org\/{rel}","templated":true}]}}