{"id":785,"date":"2022-07-16T04:53:57","date_gmt":"2022-07-16T04:53:57","guid":{"rendered":"https:\/\/www.3fmdigital.com\/front3\/?p=785"},"modified":"2022-07-16T04:55:13","modified_gmt":"2022-07-16T04:55:13","slug":"detienen-en-el-salvador-a-46000-pandilleros-en-110-dias","status":"publish","type":"post","link":"http:\/\/www.3fmdigital.com\/front3\/2022\/07\/16\/detienen-en-el-salvador-a-46000-pandilleros-en-110-dias\/","title":{"rendered":"Detienen en El Salvador a 46,000 pandilleros en 110 d\u00edas"},"content":{"rendered":"<div class=\"postie-post\">\n\t\t<style type=\"text\/css\">\n\t\t\t#gallery-1 {\n\t\t\t\tmargin: auto;\n\t\t\t}\n\t\t\t#gallery-1 .gallery-item {\n\t\t\t\tfloat: left;\n\t\t\t\tmargin-top: 10px;\n\t\t\t\ttext-align: center;\n\t\t\t\twidth: 33%;\n\t\t\t}\n\t\t\t#gallery-1 img {\n\t\t\t\tborder: 2px solid #cfcfcf;\n\t\t\t}\n\t\t\t#gallery-1 .gallery-caption {\n\t\t\t\tmargin-left: 0;\n\t\t\t}\n\t\t\t\/* see gallery_shortcode() in wp-includes\/media.php *\/\n\t\t<\/style>\n\t\t<div id='gallery-1' class='gallery galleryid-785 gallery-columns-3 gallery-size-thumbnail'><dl class='gallery-item'>\n\t\t\t<dt class='gallery-icon landscape'>\n\t\t\t\t<a href='http:\/\/www.3fmdigital.com\/front3\/2022\/07\/16\/detienen-en-el-salvador-a-46000-pandilleros-en-110-dias\/tmp_detienen-en-el-salvador\/'><img loading=\"lazy\" decoding=\"async\" width=\"150\" height=\"150\" src=\"http:\/\/www.3fmdigital.com\/front3\/wp-content\/uploads\/2022\/07\/tmp_detienen-en-el-salvador-150x150.jpeg\" class=\"attachment-thumbnail size-thumbnail\" alt=\"\" srcset=\"http:\/\/www.3fmdigital.com\/front3\/wp-content\/uploads\/2022\/07\/tmp_detienen-en-el-salvador-150x150.jpeg 150w, http:\/\/www.3fmdigital.com\/front3\/wp-content\/uploads\/2022\/07\/tmp_detienen-en-el-salvador-350x350.jpeg 350w\" sizes=\"(max-width: 150px) 100vw, 150px\" \/><\/a>\n\t\t\t<\/dt><\/dl>\n\t\t\t<br style='clear: both' \/>\n\t\t<\/div>\n<br \/>\nAFP El Salvador<br \/>\nEl fiscal de El Salvador, Rodolfo Delgado, asegur\u00f3 este viernes que las pandillas acumulan 46,000 encarcelados en el marco de la &#8220;guerra&#8221; que les declar\u00f3 hace 110 d\u00edas el presidente Nayib Bukele.<br \/>\nEn 908 solicitudes ante los tribunales &#8220;se han presentado cargos en contra de 41,106 personas por pertenecer a estas organizaciones criminales (pandillas)&#8221;, declar\u00f3 Delgado al estatal canal 10 de televisi\u00f3n.<br \/>\nA la Fiscal\u00eda le queda por presentar a la justicia el requerimiento contra 5.000 detenidos m\u00e1s &#8220;para un total de 46,000 personas que de alguna manera las diligencias iniciales indican que est\u00e1n asociadas con las pandillas&#8221;, asegur\u00f3 Delgado.<br \/>\n&#8220;En este momento lo que se est\u00e1 observando es una retirada de los pandilleros de sus zonas de confort (&#8230;), de las zonas donde ellos estaban ejecutando sus acciones criminales&#8221;, agreg\u00f3.<br \/>\n&#8220;No resisten o no tienen capacidad para resistir los embates&#8221; de la polic\u00eda y el ej\u00e9rcito, que se han trasladado a \u00e1reas rurales donde se ocultan para capturarlos.<br \/>\nEn virtud de los enfrentamientos armados, que han dejado cuatro bajas en las fuerzas de seguridad, Delgado instruy\u00f3 que &#8220;no se procese a ning\u00fan polic\u00eda o efectivo militar&#8221; porque &#8220;su accionar est\u00e1 totalmente justificado por la ley&#8221;.<br \/>\nEn algunas zonas, las pandillas &#8220;intimidaban&#8221; a la poblaci\u00f3n, y &#8220;al imponer sus reglas pretend\u00edan (&#8230;) sustituir en alguna medida al Estado&#8221;<br \/>\nEn respuesta a una escalada de 87 asesinatos cometidos entre el 25 y 27 de marzo, el Congreso, a petici\u00f3n de Bukele, decret\u00f3 el 27 de marzo un r\u00e9gimen de excepci\u00f3n que se ha prorrogado hasta fines de julio y que permite detenciones sin orden judicial-<br \/>\nOrganizaciones como Amnist\u00eda Internacional y Human Rights Watch han llamado al gobierno salvadore\u00f1o a respetar los derechos humanos.<br \/>\nLas pandillas MS-13 y Barrio 18 son las que m\u00e1s delinquen en El Salvador. Hasta antes de la arremetida del gobierno, estaban encarcelados unos 16.000 de sus miembros.<br \/>\nCon las detenciones realizadas en 110 d\u00edas de r\u00e9gimen de excepci\u00f3n, estar\u00edan tras las rejas 62.000 pandilleros, un 88,5% de los 70.000 que ingtegr\u00e1r\u00edan esos grupos.<\/div>\n","protected":false},"excerpt":{"rendered":"<p>AFP El Salvador El fiscal de El Salvador, Rodolfo Delgado, asegur\u00f3 este viernes que las pandillas acumulan 46,000 encarcelados en el marco de la &#8220;guerra&#8221; que les declar\u00f3 hace 110 d\u00edas el presidente Nayib Bukele. En 908 solicitudes ante los tribunales &#8220;se han presentado cargos en contra de 41,106 personas por pertenecer a estas organizaciones [&hellip;]<\/p>\n","protected":false},"author":1,"featured_media":786,"comment_status":"closed","ping_status":"","sticky":false,"template":"","format":"standard","meta":{"footnotes":""},"categories":[2],"tags":[],"class_list":["post-785","post","type-post","status-publish","format-standard","has-post-thumbnail","hentry","category-nuestros-paises"],"_links":{"self":[{"href":"http:\/\/www.3fmdigital.com\/front3\/wp-json\/wp\/v2\/posts\/785"}],"collection":[{"href":"http:\/\/www.3fmdigital.com\/front3\/wp-json\/wp\/v2\/posts"}],"about":[{"href":"http:\/\/www.3fmdigital.com\/front3\/wp-json\/wp\/v2\/types\/post"}],"author":[{"embeddable":true,"href":"http:\/\/www.3fmdigital.com\/front3\/wp-json\/wp\/v2\/users\/1"}],"replies":[{"embeddable":true,"href":"http:\/\/www.3fmdigital.com\/front3\/wp-json\/wp\/v2\/comments?post=785"}],"version-history":[{"count":0,"href":"http:\/\/www.3fmdigital.com\/front3\/wp-json\/wp\/v2\/posts\/785\/revisions"}],"wp:featuredmedia":[{"embeddable":true,"href":"http:\/\/www.3fmdigital.com\/front3\/wp-json\/wp\/v2\/media\/786"}],"wp:attachment":[{"href":"http:\/\/www.3fmdigital.com\/front3\/wp-json\/wp\/v2\/media?parent=785"}],"wp:term":[{"taxonomy":"category","embeddable":true,"href":"http:\/\/www.3fmdigital.com\/front3\/wp-json\/wp\/v2\/categories?post=785"},{"taxonomy":"post_tag","embeddable":true,"href":"http:\/\/www.3fmdigital.com\/front3\/wp-json\/wp\/v2\/tags?post=785"}],"curies":[{"name":"wp","href":"https:\/\/api.w.org\/{rel}","templated":true}]}}