{"id":856,"date":"2023-02-16T03:18:48","date_gmt":"2023-02-16T03:18:48","guid":{"rendered":"https:\/\/www.3fmdigital.com\/front3\/?p=856"},"modified":"2023-02-16T03:20:07","modified_gmt":"2023-02-16T03:20:07","slug":"francisco-alberto-caamano-50-anos-de-su-fusilamiento","status":"publish","type":"post","link":"http:\/\/www.3fmdigital.com\/front3\/2023\/02\/16\/francisco-alberto-caamano-50-anos-de-su-fusilamiento\/","title":{"rendered":"Francisco Alberto Caama\u00f1o 50 a\u00f1os de su fusilamiento"},"content":{"rendered":"<div class=\"postie-post\">\n\t\t<style type=\"text\/css\">\n\t\t\t#gallery-1 {\n\t\t\t\tmargin: auto;\n\t\t\t}\n\t\t\t#gallery-1 .gallery-item {\n\t\t\t\tfloat: left;\n\t\t\t\tmargin-top: 10px;\n\t\t\t\ttext-align: center;\n\t\t\t\twidth: 33%;\n\t\t\t}\n\t\t\t#gallery-1 img {\n\t\t\t\tborder: 2px solid #cfcfcf;\n\t\t\t}\n\t\t\t#gallery-1 .gallery-caption {\n\t\t\t\tmargin-left: 0;\n\t\t\t}\n\t\t\t\/* see gallery_shortcode() in wp-includes\/media.php *\/\n\t\t<\/style>\n\t\t<div id='gallery-1' class='gallery galleryid-856 gallery-columns-3 gallery-size-thumbnail'><dl class='gallery-item'>\n\t\t\t<dt class='gallery-icon landscape'>\n\t\t\t\t<a href='http:\/\/www.3fmdigital.com\/front3\/2023\/02\/16\/francisco-alberto-caamano-50-anos-de-su-fusilamiento\/tmp_caamno-deno\/'><img loading=\"lazy\" decoding=\"async\" width=\"150\" height=\"150\" src=\"http:\/\/www.3fmdigital.com\/front3\/wp-content\/uploads\/2023\/02\/tmp_caamno-deno-150x150.jpg\" class=\"attachment-thumbnail size-thumbnail\" alt=\"\" srcset=\"http:\/\/www.3fmdigital.com\/front3\/wp-content\/uploads\/2023\/02\/tmp_caamno-deno-150x150.jpg 150w, http:\/\/www.3fmdigital.com\/front3\/wp-content\/uploads\/2023\/02\/tmp_caamno-deno-350x350.jpg 350w\" sizes=\"(max-width: 150px) 100vw, 150px\" \/><\/a>\n\t\t\t<\/dt><\/dl>\n\t\t\t<br style='clear: both' \/>\n\t\t<\/div>\n<br \/>\nEl 11 de junio de 1932, nace Francisco Alberto Caama\u00f1o De\u00f1\u00f3, militar y h\u00e9roe dominicano que ocup\u00f3 la presidencia constitucional de la Rep\u00fablica durante la Guerra de abril de 1965.<br \/>\nCaama\u00f1o De\u00f1\u00f3 naci\u00f3 el 11 de junio de 1932 en Santo Domingo, en el hospital Padre Billini de la capital. Fue hijo del General Fausto Caama\u00f1o Medina, fallecido en 1986. Su padre era un prominente militar durante la dictadura de Rafael Le\u00f3nidas Trujillo, y lleg\u00f3 a recibir las m\u00e1s altas condecoraciones del r\u00e9gimen, ostentando, incluso, el cargo de Secretario de Estado de las Fuerzas Armadas (Ministro de Defensa) desde 1952 a 1955.<br \/>\nLa familia de su padre es originaria de San Juan de la Maguana, lo que revela que en su \u00e1rbol geneal\u00f3gico constan otras personalidades militares como Plutarco Caama\u00f1o Medina (1889-1893), conocido por su enorme descendencia, y otros como Jorge Casimiro Fern\u00e1ndez Medina, que fue un destacado teniente coronel del Ej\u00e9rcito dominicano. Gracias a la influencia de su acentuada parentela militar, Francisco Alberto se destac\u00f3 en una eficiente y esmerada vocaci\u00f3n de servicio a las instituciones castrenses de su patria, ingresando muy joven a la Marina de Guerra Dominicana, donde se gradu\u00f3 de alf\u00e9rez y avanz\u00f3 r\u00e1pido en el escalaf\u00f3n militar. Durante los \u00faltimos a\u00f1os de la Era de Trujillo, Caama\u00f1o comand\u00f3 el Cuerpo de Cascos Blancos de la Polic\u00eda Nacional.<br \/>\nAl estallar la Revoluci\u00f3n del 24 de Abril, Caama\u00f1o encabez\u00f3 el movimiento creado por el Coronel Fern\u00e1ndez Dom\u00ednguez, quien se encontraba en Puerto Rico con impedimento de entrada al pa\u00eds; inspirado en devolver a la naci\u00f3n el orden constitucional violado en 1963, primero frente a los militares golpistas y luego frente a la invasi\u00f3n norteamericana, convirti\u00e9ndose en el l\u00edder indiscutible de la guerra de Abril.<br \/>\nAnte la inminente invasi\u00f3n estadounidense con el pretexto de proteger vidas y bienes de ciudadanos estadounidenses, y la llegada de la 82 divisi\u00f3n aerotransportada de la Armada de los Estados Unidos, con 42.000 marines, Caama\u00f1o participa en una reuni\u00f3n en la embajada estadounidense en Santo Domingo, donde el embajador le dice a Caama\u00f1o que no est\u00e1 en calidad de negociar, sino de rendirse, \u00e9ste a su vez le contesta de la siguiente manera: \u201cPues perm\u00edtame decirle que no nos rendiremos y que lucharemos hasta el final\u201d.<br \/>\nA ra\u00edz de estos acontecimientos el 3 de mayo de 1965, contando Caama\u00f1o con 32 a\u00f1os de edad, el Congreso Nacional lo elige y designa Presidente Constitucional de la Rep\u00fablica Dominicana, tomando posesi\u00f3n de la presidencia el d\u00eda 4 de mayo, en el Parque Independencia. El Coronel Fern\u00e1ndez Dom\u00ednguez regresa clandestinamente incorpor\u00e1ndose a la lucha, cayendo en combate en la toma al Palacio Presidencial el 19 de mayo. Caama\u00f1o ocup\u00f3 la posici\u00f3n de la Presidencia Constitucional hasta el 3 de septiembre de ese mismo a\u00f1o, cuando presenta su renuncia en un acto masivo en la Fortaleza Ozama, tras la firma del Acta de Reconciliaci\u00f3n Dominicana (Acto Institucional).<br \/>\nEl Congreso Nacional elegido el 20 de diciembre de 1962, considerando una propuesta de Juan Bosch, lo eligi\u00f3 Presidente Constitucional de la Rep\u00fablica, con 49 votos a favor, 7 en contra y 2 nulos, tomando posesi\u00f3n de la presidencia el d\u00eda 4 de mayo, ten\u00eda 32 a\u00f1os de edad; Caama\u00f1o ocup\u00f3 la posici\u00f3n de Presidente Constitucional hasta el 3 de septiembre de 1965. Durante el Gobierno del Coronel Francisco Alberto Caama\u00f1o De\u00f1\u00f3, se emitieron 4 gacetas oficiales, con 62 Decretos y 14 leyes. Entre ellas la n\u00ba11 que convierte la antigua fortaleza Ozama en lugar p\u00fablico con el nombre de Plaza de la Constituci\u00f3n, y la n\u00ba14 que denomina, Avenida \u201c24 de Abril\u201d a la Avenida \u201cGeorge Washington\u201d, contenidas dentro de la Gaceta Oficial n\u00ba4.<br \/>\nDurante su Gobierno recibe cartas y comunicaciones internacionales de felicitaci\u00f3n y reconocimiento como Presidente de la Rep\u00fablica Dominicana y por su actitud ante la intervenci\u00f3n militar de Estados Unidos, donde demostr\u00f3 ser un hombre de valor, hero\u00edsmo, patriotismo, principios inquebrantables, y decidido a defender su Patria por encima de todo.<br \/>\nEl 3 de febrero de 1973, nueve hombres desembarcaron en la Playa Caracoles en grupos de tres en tres, dos y uno al sur del pa\u00eds, con la intenci\u00f3n de iniciar un frente guerrillero contra el gobierno Joaqu\u00edn Balaguer, al frente del grupo estaba el coronel Francisco Alberto Caama\u00f1o De\u00f1\u00f3, algo que se le critic\u00f3, puesto que hab\u00eda luchado anteriormente en contra de un golpe de Estado, y ahora \u00e9l mismo participaba en uno.<br \/>\nSobre esto, Balaguer hablando por una cadena de radio y televisi\u00f3n afirm\u00f3: Hace apenas algunas horas regres\u00e9 de la zona del municipio de San Jos\u00e9 de Ocoa donde actualmente se desarrollan algunas acciones subversivas, que realiza el grupo de guerrilleros\u2026inspeccion\u00e9 personalmente en compa\u00f1\u00eda del secretario de Estado de las Fuerzas Armadas y el Jefe de Estado Mayor del Ej\u00e9rcito, el sitio en que se produjo el primer choque sangriento entre una patrulla militar y el grupo de guerrilleros que desembarc\u00f3 en la Playa Caracoles.<br \/>\nTrece d\u00edas despu\u00e9s del desembarco el 16 de febrero, las Fuerzas Armadas anunciaron la muerte de Caama\u00f1o junto a dos de sus compa\u00f1eros en el paraje Niza\u00edto, secci\u00f3n la Horma de San Jos\u00e9 de Ocoa.<br \/>\nEl contralmirante Ram\u00f3n Emilio Jim\u00e9nez (hijo), Secretario de Estado de las Fuerzas Armadas, el mayor general Enr\u00edquez P\u00e9rez y P\u00e9rez y el brigadier Juan Ren\u00e9 Beauchamps Javier, mostraron el cad\u00e1ver de Caama\u00f1o a un reducido grupo de periodistas que fue trasladado en helic\u00f3ptero hasta el lugar donde se encontraba el cuerpo sin vida, y los de sus compa\u00f1eros Heberto Lalane Jos\u00e9 y Alfredo P\u00e9rez Vargas, aunque las FFAA informaron que Caama\u00f1o hab\u00eda muerto en combate, testimonios posteriores afirmaron que Caama\u00f1o luego de ser capturado herido por tropas del Ej\u00e9rcito Nacional que lo persegu\u00edan, fue fusilado, descuartizado y quemados sus restos. Mucho odio y demasiado temor inspiraron esa p\u00e9rfida determinaci\u00f3n gubernamental.<br \/>\nInformado el presidente Balaguer de su captura, le expres\u00f3 al general Ram\u00f3n Emilio Jim\u00e9nez (hijo), entonces Secretario de Estado de las Fuerzas Armadas, que \u201cen el pa\u00eds no hab\u00eda c\u00e1rceles para un hombre como el coronel Caama\u00f1o\u201d, dejando bien insinuado que procediera a su fusilamiento. <a href=\"https:\/\/www.blowjobvideos.xxx\/categories\/310\/granny\">https:\/\/www.blowjobvideos.xxx\/categories\/310\/granny<\/a><br \/>\nEl general Ramiro Matos Gonz\u00e1les, anticomunista, quien dirigi\u00f3 la persecuci\u00f3n y el cerco militar contra la escuadra guerrillera, en ning\u00fan momento advirti\u00f3 a sus compa\u00f1eros de armas que los c\u00e1nones internacionales y los derechos humanos consagrados imped\u00edan asesinar al comandante apresado. Consinti\u00f3 el fusilamiento.<br \/>\nNo pod\u00edan faltar como figuras relevantes de esa brutal determinaci\u00f3n \u201cin sito\u201d, el propio ministro Ram\u00f3n Emilio Jim\u00e9nez (Milo), el general Beauchamps Javier, el general Enr\u00edquez P\u00e9rez y P\u00e9rez, y el mayor Pou Castro; estos dos \u00faltimos vinculados, junto al general Salvador Lluberes Mont\u00e1s, a los cr\u00edmenes m\u00e1s siniestros de esa \u00e9poca, siempre en estrecha relaci\u00f3n con la CIA y la mafia cubana de Miami. Tampoco pod\u00edan estar ausentes otros oficiales-sicarios, encargados de las vejaciones, el fusilamiento y la quema del cad\u00e1ver, los agentes encubiertos de la CIA, encargados de verificar la muerte del Coronel de Abril.<br \/>\nBalaguer los interpret\u00f3 \u201cal pie de la letra\u201d, mientras una delegaci\u00f3n dominicana junto a otros enviados de Washington, se cercioraban de que todo lo perversamente decidido fuera debidamente consumado.<br \/>\nEstremece el parecido de ese crimen de lesa humanidad con lo acontecido en 1967 en la Higuera, en Bolivia, con el comandante Ernesto -Che- Guevara.<br \/>\nVar\u00edan los protagonistas locales, los jefes militares y de Estado, pero tienen en com\u00fan el desenlace a tono con el patr\u00f3n de la Agencia Central de Inteligencia estadounidense para ese tipo de situaciones y frente a ese tipo de l\u00edderes.<br \/>\nAdem\u00e1s de los dos combatientes ca\u00eddos junto a \u00e9l, acompa\u00f1aron al comandante en su proyecto guerrillero:<br \/>\nRam\u00f3n Euclides Holgu\u00edn Marte (Braulio),<br \/>\nHamlet Hermann P\u00e9rez (Freddy)<br \/>\nMario Nelson Gal\u00e1n Dur\u00e1n (Juan)<br \/>\nClaudio Caama\u00f1o Grull\u00f3n (Sergio)<br \/>\nJuan Ram\u00f3n Payero Ulloa (Ismael)<br \/>\nToribio Pe\u00f1a J\u00e1quez (Felipe)<br \/>\nLuego de una intensa persecuci\u00f3n entre las monta\u00f1as de la Cordillera Central, para finales de marzo las Fuerzas Armadas anunciaron la eliminaci\u00f3n del foco guerrillero quedando como \u00fanicos sobrevivientes: Hamlet Hermann P\u00e9rez, Claudio Caama\u00f1o Grull\u00f3n y Toribio Pe\u00f1a J\u00e1quez, los cuales tiempo despu\u00e9s salieron al exilio.<br \/>\nCon la muerte del coronel Francisco Alberto Caama\u00f1o De\u00f1\u00f3 a los 40 a\u00f1os de edad, desapareci\u00f3 una de las figuras m\u00e1s importantes de la historia dominicana del siglo XX.<\/div>\n","protected":false},"excerpt":{"rendered":"<p>El 11 de junio de 1932, nace Francisco Alberto Caama\u00f1o De\u00f1\u00f3, militar y h\u00e9roe dominicano que ocup\u00f3 la presidencia constitucional de la Rep\u00fablica durante la Guerra de abril de 1965. Caama\u00f1o De\u00f1\u00f3 naci\u00f3 el 11 de junio de 1932 en Santo Domingo, en el hospital Padre Billini de la capital. Fue hijo del General Fausto [&hellip;]<\/p>\n","protected":false},"author":1,"featured_media":857,"comment_status":"closed","ping_status":"","sticky":false,"template":"","format":"standard","meta":{"footnotes":""},"categories":[11],"tags":[],"class_list":["post-856","post","type-post","status-publish","format-standard","has-post-thumbnail","hentry","category-historia"],"_links":{"self":[{"href":"http:\/\/www.3fmdigital.com\/front3\/wp-json\/wp\/v2\/posts\/856"}],"collection":[{"href":"http:\/\/www.3fmdigital.com\/front3\/wp-json\/wp\/v2\/posts"}],"about":[{"href":"http:\/\/www.3fmdigital.com\/front3\/wp-json\/wp\/v2\/types\/post"}],"author":[{"embeddable":true,"href":"http:\/\/www.3fmdigital.com\/front3\/wp-json\/wp\/v2\/users\/1"}],"replies":[{"embeddable":true,"href":"http:\/\/www.3fmdigital.com\/front3\/wp-json\/wp\/v2\/comments?post=856"}],"version-history":[{"count":0,"href":"http:\/\/www.3fmdigital.com\/front3\/wp-json\/wp\/v2\/posts\/856\/revisions"}],"wp:featuredmedia":[{"embeddable":true,"href":"http:\/\/www.3fmdigital.com\/front3\/wp-json\/wp\/v2\/media\/857"}],"wp:attachment":[{"href":"http:\/\/www.3fmdigital.com\/front3\/wp-json\/wp\/v2\/media?parent=856"}],"wp:term":[{"taxonomy":"category","embeddable":true,"href":"http:\/\/www.3fmdigital.com\/front3\/wp-json\/wp\/v2\/categories?post=856"},{"taxonomy":"post_tag","embeddable":true,"href":"http:\/\/www.3fmdigital.com\/front3\/wp-json\/wp\/v2\/tags?post=856"}],"curies":[{"name":"wp","href":"https:\/\/api.w.org\/{rel}","templated":true}]}}